{"id":3010,"date":"2026-08-31T16:40:19","date_gmt":"2026-08-31T19:40:19","guid":{"rendered":"https:\/\/discursivas.com\/portal\/?p=3010"},"modified":"2026-08-31T16:40:20","modified_gmt":"2026-08-31T19:40:20","slug":"famerp-2027-inscricoes","status":"publish","type":"post","link":"https:\/\/discursivas.com\/portal\/vestibulares\/famerp\/famerp-2027-inscricoes\/","title":{"rendered":"Vestibular Famerp 2027: inscri\u00e7\u00f5es est\u00e3o abertas para Medicina, Enfermagem e Psicologia"},"content":{"rendered":"\n<h2 class=\"wp-block-heading\">Vestibular Famerp 2027: Inscri\u00e7\u00f5es Abertas e Vagas de Medicina<\/h2>\n\n\n\n<p>As inscri\u00e7\u00f5es para o Vestibular FAMERP 2027 est\u00e3o abertas at\u00e9 5 de novembro. Confira a distribui\u00e7\u00e3o das 160 vagas, taxa, cotas e calend\u00e1rio oficial.<\/p>\n\n\n\n<p>Est\u00e3o abertas as inscri\u00e7\u00f5es para o Vestibular FAMERP 2027, processo seletivo organizado pela Funda\u00e7\u00e3o Vunesp. A Faculdade de Medicina de S\u00e3o Jos\u00e9 do Rio Preto, institui\u00e7\u00e3o p\u00fablica estadual paulista e isenta de mensalidades, oferece 160 vagas para ingresso no primeiro semestre de 2027. O exame junta-se a outros vestibulares da \u00e1rea da sa\u00fade com datas definidas no estado, como a UNIFIPA\/FAMECA e a Acafe.<\/p>\n\n\n\n<h2 class=\"wp-block-heading\">Distribui\u00e7\u00e3o das Vagas e Dura\u00e7\u00e3o dos Cursos<\/h2>\n\n\n\n<p>As 160 oportunidades de gradua\u00e7\u00e3o s\u00e3o oferecidas em per\u00edodo integral e distribu\u00eddas da seguinte forma:<\/p>\n\n\n\n<ul class=\"wp-block-list\">\n<li><strong>Medicina:<\/strong> 80 vagas (dura\u00e7\u00e3o de 6 anos)<\/li>\n\n\n\n<li><strong>Enfermagem:<\/strong> 60 vagas (dura\u00e7\u00e3o de 4 anos)<\/li>\n\n\n\n<li><strong>Psicologia:<\/strong> 20 vagas (dura\u00e7\u00e3o de 5 anos)<\/li>\n<\/ul>\n\n\n\n<p>O vestibular aceita inscri\u00e7\u00f5es de candidatos que j\u00e1 conclu\u00edram o Ensino M\u00e9dio, estudantes que est\u00e3o cursando essa etapa ou portadores de diploma de ensino superior.<\/p>\n\n\n\n<h2 class=\"wp-block-heading\">Pol\u00edtica de Cotas<\/h2>\n\n\n\n<p>A Famerp destina 20% de suas vagas ao sistema de cotas. A reserva contempla candidatos que cursaram integralmente o Ensino Fundamental e o Ensino M\u00e9dio em escolas p\u00fablicas brasileiras, incluindo a cota para autodeclarados pretos, pardos ou ind\u00edgenas (PPI). Os inscritos pela reserva de vagas tamb\u00e9m concorrem simultaneamente na ampla concorr\u00eancia.<\/p>\n\n\n\n<ul class=\"wp-block-list\">\n<li><strong>Medicina:<\/strong> 16 vagas reservadas<\/li>\n\n\n\n<li><strong>Enfermagem:<\/strong> 12 vagas reservadas<\/li>\n\n\n\n<li><strong>Psicologia:<\/strong> 4 vagas reservadas<\/li>\n<\/ul>\n\n\n\n<h2 class=\"wp-block-heading\">Inscri\u00e7\u00f5es, Taxa e Redu\u00e7\u00e3o de 50%<\/h2>\n\n\n\n<p>As inscri\u00e7\u00f5es devem ser realizadas exclusivamente pelo portal da Funda\u00e7\u00e3o <a href=\"https:\/\/www.vunesp.com.br\/\" data-type=\"link\" data-id=\"https:\/\/www.vunesp.com.br\/\" target=\"_blank\" rel=\"noopener\">Vunesp<\/a> at\u00e9 as 23h59 do dia <strong>5 de novembro de 2026<\/strong>. A taxa de inscri\u00e7\u00e3o \u00e9 de <strong>R$ 194,00<\/strong>, com o pagamento do boleto podendo ser feito at\u00e9 o dia <strong>6 de novembro de 2026<\/strong>.<\/p>\n\n\n\n<p>Candidatos matriculados no Ensino M\u00e9dio, curso equivalente ou pr\u00e9-vestibular que possuam remunera\u00e7\u00e3o mensal inferior a dois sal\u00e1rios m\u00ednimos ou estejam desempregados podem solicitar 50% de desconto no valor da taxa. Os pedidos de redu\u00e7\u00e3o devem ser enviados com a documenta\u00e7\u00e3o digitalizada entre <strong>31 de agosto e 10 de setembro de 2026<\/strong>. O resultado das solicita\u00e7\u00f5es ser\u00e1 divulgado no dia 13 de outubro, com prazo para recursos nos dias 13 e 14 de outubro.<\/p>\n\n\n\n<h2 class=\"wp-block-heading\">Cidades de Prova e Estrutura dos Exames<\/h2>\n\n\n\n<p>No ato da inscri\u00e7\u00e3o, o candidato deve selecionar a cidade onde realizar\u00e1 os exames, n\u00e3o sendo permitida a altera\u00e7\u00e3o posterior. As provas ser\u00e3o aplicadas nas seguintes cidades do estado de S\u00e3o Paulo:<\/p>\n\n\n\n<ul class=\"wp-block-list\">\n<li>Bauru<\/li>\n\n\n\n<li>Campinas<\/li>\n\n\n\n<li>Ribeir\u00e3o Preto<\/li>\n\n\n\n<li>S\u00e3o Jos\u00e9 do Rio Preto (com possibilidade de aplica\u00e7\u00e3o em pr\u00e9dios externos ao campus)<\/li>\n\n\n\n<li>S\u00e3o Jos\u00e9 dos Campos<\/li>\n\n\n\n<li>S\u00e3o Paulo<\/li>\n<\/ul>\n\n\n\n<p>A sele\u00e7\u00e3o ser\u00e1 realizada nos dias <strong>10 e 11 de dezembro de 2026<\/strong>. Em ambos os dias, os port\u00f5es ser\u00e3o abertos \u00e0s 11h30 e fechados \u00e0s 12h30, com aplica\u00e7\u00e3o das 13h \u00e0s 17h (4 horas de dura\u00e7\u00e3o).<\/p>\n\n\n\n<ul class=\"wp-block-list\">\n<li><strong>1\u00ba Dia (10\/12\/2026) \u2013 Prova de Conhecimentos Gerais:<\/strong> Composta por 80 quest\u00f5es objetivas de m\u00faltipla escolha (5 alternativas cada), distribu\u00eddas igualmente entre Matem\u00e1tica, Biologia, Geografia, F\u00edsica, Hist\u00f3ria, Qu\u00edmica, L\u00edngua Portuguesa e L\u00edngua Inglesa, podendo conter quest\u00f5es interdisciplinares.<\/li>\n\n\n\n<li><strong>2\u00ba Dia (11\/12\/2026) \u2013 Prova de Conhecimentos Espec\u00edficos e Reda\u00e7\u00e3o:<\/strong> Composta por 20 quest\u00f5es dissertativas (8 de Biologia, 6 de Qu\u00edmica e 6 de F\u00edsica) e uma Reda\u00e7\u00e3o dissertativa-argumentativa em L\u00edngua Portuguesa.<\/li>\n<\/ul>\n\n\n\n<h2 class=\"wp-block-heading\">C\u00e1lculo da Nota Final<\/h2>\n\n\n\n<ul class=\"wp-block-list\">\n<li><strong>Conhecimentos Gerais:<\/strong> Pontua\u00e7\u00e3o calculada pelo n\u00famero de acertos, em escala de 0 a 100 pontos.<\/li>\n\n\n\n<li><strong>Conhecimentos Espec\u00edficos e Reda\u00e7\u00e3o:<\/strong> As 20 quest\u00f5es dissertativas valem de 0 a 4 pontos cada (totalizando at\u00e9 80 pontos), e a reda\u00e7\u00e3o vale at\u00e9 20 pontos, somando uma escala de 0 a 100 pontos.<\/li>\n\n\n\n<li><strong>Nota Final:<\/strong> Calculada pela m\u00e9dia aritm\u00e9tica simples entre a pontua\u00e7\u00e3o do primeiro e do segundo dia.<\/li>\n<\/ul>\n\n\n\n<h2 class=\"wp-block-heading\">Calend\u00e1rio Oficial do Vestibular FAMERP 2027<\/h2>\n\n\n\n<ul class=\"wp-block-list\">\n<li><strong>Per\u00edodo de inscri\u00e7\u00f5es:<\/strong> 31\/08 a 05\/11\/2026<\/li>\n\n\n\n<li><strong>Solicita\u00e7\u00e3o de redu\u00e7\u00e3o da taxa:<\/strong> 31\/08 a 10\/09\/2026<\/li>\n\n\n\n<li><strong>Resultado do pedido de redu\u00e7\u00e3o:<\/strong> 13\/10\/2026<\/li>\n\n\n\n<li><strong>Pagamento da taxa de inscri\u00e7\u00e3o:<\/strong> at\u00e9 06\/11\/2026<\/li>\n\n\n\n<li><strong>Divulga\u00e7\u00e3o dos locais de prova:<\/strong> a partir de 01\/12\/2026<\/li>\n\n\n\n<li><strong>Prova de Conhecimentos Gerais (1\u00ba dia):<\/strong> 10\/12\/2026<\/li>\n\n\n\n<li><strong>Prova de Conhecimentos Espec\u00edficos e Reda\u00e7\u00e3o (2\u00ba dia):<\/strong> 11\/12\/2026<\/li>\n\n\n\n<li><strong>Divulga\u00e7\u00e3o do resultado e 1\u00aa chamada:<\/strong> 29\/01\/2027 (\u00e0s 10h)<\/li>\n\n\n\n<li><strong>Pr\u00e9-matr\u00edcula on-line:<\/strong> 01\/02\/2027<\/li>\n\n\n\n<li><strong>Entrega de documentos e efetiva\u00e7\u00e3o da matr\u00edcula:<\/strong> 02\/02\/2027<\/li>\n<\/ul>\n\n\n\n<h2 class=\"wp-block-heading\">Como estudar para a Famerp?<\/h2>\n\n\n\n<p>Ningu\u00e9m \u00e9 aprovado em Medicina sem antes resolver exaustivamente as provas antigas da institui\u00e7\u00e3o que escolheu enfrentar. Na Famerp, enquanto a etapa objetiva serve para selecionar os candidatos bem preparados, \u00e9 a prova de Conhecimentos Espec\u00edficos do segundo dia, composta por 20 quest\u00f5es dissertativas de Biologia, Qu\u00edmica e F\u00edsica, que determina quem conquista a vaga.<\/p>\n\n\n\n<h2 class=\"wp-block-heading\">A prepara\u00e7\u00e3o com o Famerp 10x<\/h2>\n\n\n\n<ul class=\"wp-block-list\">\n<li>Voc\u00ea enxerga como a banca cobra cada tema no formato discursivo, prova por prova;<\/li>\n\n\n\n<li>Acompanha a resolu\u00e7\u00e3o detalhada de cada item conduzida por professores especialistas em exames discursivos;<\/li>\n\n\n\n<li>Aprende a escrever respostas sint\u00e9ticas e precisas, garantindo cada fra\u00e7\u00e3o de ponto no espelho de corre\u00e7\u00e3o da Vunesp;<\/li>\n\n\n\n<li>Chega no dia da prova com a bagagem de dezenas de exames j\u00e1 treinados.<\/li>\n<\/ul>\n\n\n\n<figure class=\"wp-block-image aligncenter\"><a href=\"https:\/\/discursivas.com\/famerp10x\/\"><img fetchpriority=\"high\" decoding=\"async\" width=\"1024\" height=\"571\" src=\"https:\/\/discursivas.com\/portal\/wp-content\/uploads\/2026\/08\/famerp_10x-1024x571.webp\" alt=\"Famerp 10x\" class=\"wp-image-2999\" srcset=\"https:\/\/discursivas.com\/portal\/wp-content\/uploads\/2026\/08\/famerp_10x-1024x571.webp 1024w, https:\/\/discursivas.com\/portal\/wp-content\/uploads\/2026\/08\/famerp_10x-300x167.webp 300w, https:\/\/discursivas.com\/portal\/wp-content\/uploads\/2026\/08\/famerp_10x-768x428.webp 768w, https:\/\/discursivas.com\/portal\/wp-content\/uploads\/2026\/08\/famerp_10x.webp 1280w\" sizes=\"(max-width: 1024px) 100vw, 1024px\" \/><\/a><\/figure>\n\n\n\n<h3 class=\"wp-block-heading\">O que \u00e9 o Famerp 10x?<\/h3>\n\n\n\n<p>O&nbsp;<a target=\"_blank\" rel=\"noreferrer noopener\" href=\"https:\/\/discursivas.com\/famerp10x\/\">Famerp 10x<\/a>&nbsp;\u00e9 um curso pr\u00e1tico e direcionado, focado na resolu\u00e7\u00e3o das quest\u00f5es discursivas da Famerp. O objetivo \u00e9 conduzir o candidato ao desempenho m\u00e1ximo nas provas cient\u00edficas do segundo dia, construindo a pontua\u00e7\u00e3o necess\u00e1ria para figurar na lista de aprovados de Medicina.<\/p>\n\n\n\n<p>Na plataforma, os professores Allan, Vini e Caf\u00e9 destrincham os\u00a0<strong>10 \u00faltimos exames discursivos da Famerp<\/strong>, somando\u00a0<strong>200 quest\u00f5es<\/strong>\u00a0de Biologia, F\u00edsica e Qu\u00edmica completamente analisadas, comando por comando.<\/p>\n\n\n\n<p>Cada quest\u00e3o passa por um processo triplo de resolu\u00e7\u00e3o:<\/p>\n\n\n\n<ul class=\"wp-block-list\">\n<li><strong>A quest\u00e3o, item por item:<\/strong>\u00a0Cada comando da quest\u00e3o discursiva \u00e9 tratado de forma individual, sem saltar etapas;<\/li>\n\n\n\n<li><strong>A teoria que importa:<\/strong>\u00a0Um resumo direto da mat\u00e9ria necess\u00e1ria para responder \u00e0quele item espec\u00edfico;<\/li>\n\n\n\n<li><strong>A resposta que pontua:<\/strong>\u00a0A t\u00e9cnica exata para redigir respostas claras, concisas e alinhadas ao crit\u00e9rio de pontua\u00e7\u00e3o da Vunesp, mostrando inclusive quantos d\u00e9cimos cada trecho da resposta garante.<\/li>\n<\/ul>\n\n\n\n<h3 class=\"wp-block-heading\">Sua Jornada de Estudo em 4 Etapas na Plataforma<\/h3>\n\n\n\n<p>Para transformar a teoria em resolu\u00e7\u00e3o cir\u00fargica, a estrutura do treinamento permite navega\u00e7\u00e3o flex\u00edvel do conte\u00fado:<\/p>\n\n\n\n<ol start=\"1\" class=\"wp-block-list\">\n<li><strong>Visualiza\u00e7\u00e3o por Ano:<\/strong>\u00a0Permite simular a experi\u00eancia real do exame. As quest\u00f5es s\u00e3o apresentadas em ordem cronol\u00f3gica para que voc\u00ea compreenda a evolu\u00e7\u00e3o do estilo da banca ao longo dos \u00faltimos dez anos.<\/li>\n\n\n\n<li><strong>Galeria de Temas:<\/strong>\u00a0Mapeia a distribui\u00e7\u00e3o das quest\u00f5es dentro dos macrotemas. \u00c9 ideal para maratonar t\u00f3picos espec\u00edficos, como rea\u00e7\u00f5es org\u00e2nicas ou ecologia, ap\u00f3s terminar o estudo te\u00f3rico daquela mat\u00e9ria.<\/li>\n\n\n\n<li><strong>Vis\u00e3o por Aulas:<\/strong>\u00a0Detalha a frequ\u00eancia exata dos conte\u00fados. Voc\u00ea identifica, por exemplo, qual t\u00f3pico de fisiologia animal a Famerp cobra com maior recorr\u00eancia (como sistema respirat\u00f3rio ou circulat\u00f3rio) para priorizar na revis\u00e3o.<\/li>\n\n\n\n<li><strong>Resolu\u00e7\u00e3o Comentada e Pr\u00e1tica:<\/strong>\u00a0A aplica\u00e7\u00e3o final do m\u00e9todo em cada item, conectando enunciado, teoria aplic\u00e1vel, gabarito oficial e an\u00e1lise da pontua\u00e7\u00e3o.<\/li>\n<\/ol>\n\n\n\n<p>Para sair da teoria gen\u00e9rica e dominar o modelo exato de escrita exigido pela Vunesp, acesse o&nbsp;<a target=\"_blank\" rel=\"noreferrer noopener\" href=\"https:\/\/discursivas.com\/famerp10x\/\">Famerp 10x<\/a>&nbsp;e garanta a prepara\u00e7\u00e3o ideal para buscar a sua vaga em Medicina.<\/p>\n\n\n\n<p><\/p>\n","protected":false},"excerpt":{"rendered":"<p>Vestibular Famerp 2027: Inscri\u00e7\u00f5es Abertas e Vagas de Medicina As inscri\u00e7\u00f5es para o Vestibular FAMERP 2027 est\u00e3o abertas at\u00e9 5 de novembro. Confira a distribui\u00e7\u00e3o das 160 vagas, taxa, cotas e calend\u00e1rio oficial. Est\u00e3o abertas as inscri\u00e7\u00f5es para o Vestibular FAMERP 2027, processo seletivo organizado pela Funda\u00e7\u00e3o Vunesp. A Faculdade de Medicina de S\u00e3o Jos\u00e9 [&hellip;]<\/p>\n","protected":false},"author":7,"featured_media":3015,"comment_status":"closed","ping_status":"closed","sticky":false,"template":"","format":"standard","meta":{"footnotes":""},"categories":[35],"tags":[201,106,200,41,191,194,71,81,189,192],"class_list":["post-3010","post","type-post","status-publish","format-standard","has-post-thumbnail","hentry","category-famerp","tag-cotas-famerp","tag-famerp","tag-inscricoes-famerp-2027","tag-medicina","tag-medicina-famerp","tag-prova-discursiva-famerp","tag-vestibular","tag-vestibular-2027","tag-vestibular-famerp-2027","tag-vunesp-famerp"],"_links":{"self":[{"href":"https:\/\/discursivas.com\/portal\/wp-json\/wp\/v2\/posts\/3010","targetHints":{"allow":["GET"]}}],"collection":[{"href":"https:\/\/discursivas.com\/portal\/wp-json\/wp\/v2\/posts"}],"about":[{"href":"https:\/\/discursivas.com\/portal\/wp-json\/wp\/v2\/types\/post"}],"author":[{"embeddable":true,"href":"https:\/\/discursivas.com\/portal\/wp-json\/wp\/v2\/users\/7"}],"replies":[{"embeddable":true,"href":"https:\/\/discursivas.com\/portal\/wp-json\/wp\/v2\/comments?post=3010"}],"version-history":[{"count":4,"href":"https:\/\/discursivas.com\/portal\/wp-json\/wp\/v2\/posts\/3010\/revisions"}],"predecessor-version":[{"id":3014,"href":"https:\/\/discursivas.com\/portal\/wp-json\/wp\/v2\/posts\/3010\/revisions\/3014"}],"wp:featuredmedia":[{"embeddable":true,"href":"https:\/\/discursivas.com\/portal\/wp-json\/wp\/v2\/media\/3015"}],"wp:attachment":[{"href":"https:\/\/discursivas.com\/portal\/wp-json\/wp\/v2\/media?parent=3010"}],"wp:term":[{"taxonomy":"category","embeddable":true,"href":"https:\/\/discursivas.com\/portal\/wp-json\/wp\/v2\/categories?post=3010"},{"taxonomy":"post_tag","embeddable":true,"href":"https:\/\/discursivas.com\/portal\/wp-json\/wp\/v2\/tags?post=3010"}],"curies":[{"name":"wp","href":"https:\/\/api.w.org\/{rel}","templated":true}]}}