{"id":3002,"date":"2026-08-31T15:18:56","date_gmt":"2026-08-31T18:18:56","guid":{"rendered":"https:\/\/discursivas.com\/portal\/?p=3002"},"modified":"2026-08-31T15:18:57","modified_gmt":"2026-08-31T18:18:57","slug":"unicamp-prorroga-data","status":"publish","type":"post","link":"https:\/\/discursivas.com\/portal\/vestibulares\/unicamp\/unicamp-prorroga-data\/","title":{"rendered":"Unicamp prorroga inscri\u00e7\u00f5es do Vestibular 2027 at\u00e9 8 de setembro; veja prazos e novidades"},"content":{"rendered":"\n<h2 class=\"wp-block-heading\">Vestibular Unicamp 2027: Inscri\u00e7\u00f5es Prorrogadas at\u00e9 8 de Setembro<\/h2>\n\n\n\n<p>A Unicamp prorrogou as inscri\u00e7\u00f5es do Vestibular 2027 at\u00e9 8 de setembro. Confira o valor da taxa, novos cursos de IA e Rela\u00e7\u00f5es Internacionais e o calend\u00e1rio completo.<\/p>\n\n\n\n<p>A Comiss\u00e3o Permanente para os Vestibulares da Unicamp (Comvest) prorrogou at\u00e9 as 17h do dia 8 de setembro o prazo de inscri\u00e7\u00f5es para o Vestibular 2027. O encerramento estava previsto para esta segunda-feira (31). O processo seletivo oferece 2.523 vagas em 70 op\u00e7\u00f5es de cursos de gradua\u00e7\u00e3o.<\/p>\n\n\n\n<h2 class=\"wp-block-heading\">Inscri\u00e7\u00f5es e Taxa<\/h2>\n\n\n\n<p>O procedimento deve ser realizado exclusivamente pela internet, no site da Comvest. A taxa de inscri\u00e7\u00e3o tem o valor de R$ 230,00 e o pagamento tamb\u00e9m foi estendido at\u00e9 o dia 8 de setembro.<\/p>\n\n\n\n<p>Na inscri\u00e7\u00e3o, o candidato pode optar por at\u00e9 duas op\u00e7\u00f5es de cursos, desde que perten\u00e7am \u00e0 mesma \u00e1rea de conhecimento.<\/p>\n\n\n\n<h2 class=\"wp-block-heading\">Novos Cursos e Mudan\u00e7as de Aplica\u00e7\u00e3o<\/h2>\n\n\n\n<p>A edi\u00e7\u00e3o de 2027 traz a estreia de duas gradua\u00e7\u00f5es no campus da Unicamp em Limeira (SP), ambas em per\u00edodo integral:<\/p>\n\n\n\n<ul class=\"wp-block-list\">\n<li><strong>Intelig\u00eancia Artificial e Ci\u00eancia de Dados:<\/strong> 40 vagas, oferecido conjuntamente pela Faculdade de Ci\u00eancias Aplicadas (FCA) e pela Faculdade de Tecnologia (FT);<\/li>\n\n\n\n<li><strong>Rela\u00e7\u00f5es Internacionais:<\/strong> 60 vagas, oferecido pela Faculdade de Ci\u00eancias Aplicadas (FCA).<\/li>\n<\/ul>\n\n\n\n<p>Houve tamb\u00e9m altera\u00e7\u00e3o nos locais de prova. As cidades paulistas de Vinhedo e Paul\u00ednia passam a integrar a lista de aplica\u00e7\u00e3o da primeira fase, somando 33 munic\u00edpios no estado de S\u00e3o Paulo. J\u00e1 na capital paulista, o candidato poder\u00e1 indicar a regi\u00e3o de prefer\u00eancia para realizar o exame, dependendo da capacidade dos pr\u00e9dios e da ordem de finaliza\u00e7\u00e3o das inscri\u00e7\u00f5es.<\/p>\n\n\n\n<h2 class=\"wp-block-heading\">Mecanismo de &#8216;Overbooking&#8217; na Primeiras Chamadas<\/h2>\n\n\n\n<p>Uma das inova\u00e7\u00f5es no preenchimento de vagas ser\u00e1 a convoca\u00e7\u00e3o em modelo <em>overbooking<\/em>. A Comvest poder\u00e1 chamar na primeira lista um n\u00famero de candidatos superior \u00e0 quantidade de vagas do curso.<\/p>\n\n\n\n<p>A medida visa acelerar o preenchimento das turmas, compensando a desist\u00eancia de candidatos aprovados que optam por outras institui\u00e7\u00f5es. O n\u00famero total de vagas permaneceu inalterado: caso a pr\u00e9-matr\u00edcula supere a quantidade oficial de vagas, a efetiva\u00e7\u00e3o seguir\u00e1 rigorosamente a ordem de classifica\u00e7\u00e3o do exame. Os demais retornar\u00e3o \u00e0 lista para chamadas subsequentes (h\u00e1 7 chamadas previstas).<\/p>\n\n\n\n<h2 class=\"wp-block-heading\">Provas de Habilidades Espec\u00edficas<\/h2>\n\n\n\n<p>Candidatos ao curso de M\u00fasica devem enviar os v\u00eddeos das provas espec\u00edficas entre os dias 14 e 30 de setembro. Para os cursos de Artes C\u00eanicas, Artes Visuais e Dan\u00e7a, os exames pr\u00e1ticos ocorrem entre 2 e 4 de dezembro.<\/p>\n\n\n\n<h2 class=\"wp-block-heading\">Calend\u00e1rio Oficial do Vestibular Unicamp 2027<\/h2>\n\n\n\n<ul class=\"wp-block-list\">\n<li><strong>Inscri\u00e7\u00f5es e pagamento da taxa:<\/strong> At\u00e9 08\/09\/2026 (\u00e0s 17h para inscri\u00e7\u00e3o)<\/li>\n\n\n\n<li><strong>Envio de v\u00eddeos (M\u00fasica):<\/strong> 14 a 30\/09\/2026<\/li>\n\n\n\n<li><strong>Aplica\u00e7\u00e3o da 1\u00aa fase:<\/strong> 18\/10\/2026 (in\u00edcio \u00e0s 9h)<\/li>\n\n\n\n<li><strong>Aplica\u00e7\u00e3o da 2\u00aa fase:<\/strong> 29 e 30\/11\/2026 (in\u00edcio \u00e0s 9h)<\/li>\n\n\n\n<li><strong>Habilidades espec\u00edficas (Artes C\u00eanicas, Artes Visuais e Dan\u00e7a):<\/strong> 02 a 04\/12\/2026<\/li>\n\n\n\n<li><strong>Divulga\u00e7\u00e3o da 1\u00aa chamada:<\/strong> 25\/01\/2027 (Matr\u00edcula: 26 e 27\/01\/2027)<\/li>\n\n\n\n<li><strong>Divulga\u00e7\u00e3o da 2\u00aa chamada:<\/strong> 01\/02\/2027 (Matr\u00edcula: 02 e 03\/02\/2027)<\/li>\n\n\n\n<li><strong>Divulga\u00e7\u00e3o da 3\u00aa chamada:<\/strong> 11\/02\/2027 (Matr\u00edcula: 12\/02\/2027)<\/li>\n<\/ul>\n\n\n\n<p>As regras completas do exame e as datas das demais chamadas constam no edital e no Manual do Ingresso divulgados pela Comvest.<\/p>\n\n\n\n<h2 class=\"wp-block-heading\">Obras Obrigat\u00f3rias: Unicamp 2027<\/h2>\n\n\n\n<ol class=\"wp-block-list\">\n<li>\u201cA Vida N\u00e3o \u00e9 \u00datil\u201d \u2013 Ailton Krenak (2020)<\/li>\n\n\n\n<li>\u201cProsas Seguidas de Odes M\u00ednimas\u201d \u2013 Jos\u00e9 Paulo Paes (1992)<\/li>\n\n\n\n<li>\u201cMorangos Mofados\u201d \u2013 Caio Fernando Abreu (1982)<\/li>\n\n\n\n<li>\u201cVida e Morte de M. J. Gonzaga de S\u00e1\u201d \u2013 Lima Barreto (1919)<\/li>\n\n\n\n<li>\u201cNo seu Pesco\u00e7o\u201d \u2013 Chimamanda Ngozi Adichie (2009)<\/li>\n\n\n\n<li>\u201cOlhos d\u2019\u00c1gua\u201d \u2013 Concei\u00e7\u00e3o Evaristo (2014)<\/li>\n\n\n\n<li>\u201cMem\u00f3rias P\u00f3stumas de Br\u00e1s Cubas\u201d \u2013 Machado de Assis (1881)<\/li>\n\n\n\n<li>\u201cOs Funerais da Mam\u00e3e Grande\u201d \u2013 Gabriel Garc\u00eda M\u00e1rquez (1962)<\/li>\n\n\n\n<li><\/li>\n<\/ol>\n\n\n\n<h2 class=\"wp-block-heading\">Can\u00e7\u00f5es de Paulo C\u00e9sar Pinheiro (14 obras selecionadas)<\/h2>\n\n\n\n<p>A&nbsp;<a href=\"https:\/\/discursivas.com\/portal\/categoria\/vestibulares\/unicamp\/\">Unicamp&nbsp;<\/a>refor\u00e7a a import\u00e2ncia da m\u00fasica popular como objeto de estudo liter\u00e1rio. Paulo C\u00e9sar Pinheiro \u00e9 um dos maiores letristas do Brasil, e suas composi\u00e7\u00f5es atravessam temas como a identidade racial, o folclore e as tens\u00f5es pol\u00edticas.<\/p>\n\n\n\n<p><strong>Confira a lista completa das can\u00e7\u00f5es:<\/strong><\/p>\n\n\n\n<ul class=\"wp-block-list\">\n<li>\u201cCanto das tr\u00eas ra\u00e7as\u201d (com Mauro Duarte)<\/li>\n\n\n\n<li>\u201cCordilheira\u201d (com Sueli Costa)<\/li>\n\n\n\n<li>\u201cDesenredo\u201d (com Dori Caymmi)<\/li>\n\n\n\n<li>\u201cEstrela da terra\u201d (com Dori Caymmi)<\/li>\n\n\n\n<li>\u201cEvangelho\u201d (com Dori Caymmi)<\/li>\n\n\n\n<li>\u201cMorda\u00e7a\u201d (com Eduardo Gudin)<\/li>\n\n\n\n<li>\u201cNa volta que o mundo d\u00e1\u201d (com Vicente Barreto)<\/li>\n\n\n\n<li>\u201cNavio fantasma\u201d (com Francis Hime)<\/li>\n\n\n\n<li>\u201cO dia em que o morro descer e n\u00e3o for carnaval\u201d (com Wilson das Neves)<\/li>\n\n\n\n<li>\u201cPesadelo\u201d (com Maur\u00edcio Tapaj\u00f3s)<\/li>\n\n\n\n<li>\u201cVelho arvoredo\u201d (com H\u00e9lio Delmiro)<\/li>\n\n\n\n<li>\u201cVento bravo\u201d (com Edu Lobo)<\/li>\n\n\n\n<li>\u201cViagem\u201d (com Jo\u00e3o de Aquino)<\/li>\n\n\n\n<li>\u201cVontade de chorar\u201d (com Ivor Lancelotti)<\/li>\n<\/ul>\n\n\n\n<h2 class=\"wp-block-heading\">Obras que voc\u00ea encontra com facilidade:<\/h2>\n\n\n\n<p>Como o acervo do MEC Livros prioriza obras de dom\u00ednio p\u00fablico e cl\u00e1ssicos da literatura brasileira, voc\u00ea encontrar\u00e1 s obras obrigat\u00f3rias do vestibular da Unicamp:<\/p>\n\n\n\n<ul class=\"wp-block-list\">\n<li><strong>Mem\u00f3rias P\u00f3stumas de Br\u00e1s Cubas (Machado de Assis):<\/strong>\u00a0Por ser um dos livros mais importantes da nossa literatura, ele est\u00e1 dispon\u00edvel em diversos formatos acess\u00edveis.<\/li>\n\n\n\n<li><strong>Vida e Morte de M. J. Gonzaga de S\u00e1 (Lima Barreto):<\/strong>\u00a0Tamb\u00e9m em dom\u00ednio p\u00fablico, costuma integrar o cat\u00e1logo de obras cl\u00e1ssicas do portal.<\/li>\n<\/ul>\n\n\n\n<p><strong>Como acessar:<\/strong>&nbsp;Para baixar essas obras do vestibular da&nbsp;<a href=\"https:\/\/discursivas.com\/portal\/categoria\/vestibulares\/unicamp\/\">Unicamp<\/a>, o estudante ou o professor precisa acessar o sistema&nbsp;<a href=\"http:\/\/meclivros.mec.gov.br\/\" target=\"_blank\" rel=\"noreferrer noopener\">MEC Livros<\/a>&nbsp;com o login e senha cadastrados (geralmente vinculados ao CPF).<\/p>\n\n\n\n<h2 class=\"wp-block-heading\">Como se preparar para a Unicamp? <\/h2>\n\n\n\n<p>Superar a primeira fase da Unicamp \u00e9 apenas metade do caminho. A verdadeira disputa pela vaga acontece na segunda fase, onde as provas discursivas exigem um padr\u00e3o de resposta muito espec\u00edfico, focado na capacidade anal\u00edtica, na clareza de argumenta\u00e7\u00e3o e no dom\u00ednio exato dos conceitos cobrados pela Comvest.<\/p>\n\n\n\n<p>Na <strong><a target=\"_blank\" rel=\"noreferrer noopener\" href=\"https:\/\/discursivas.com\/\">Discursivas.com<\/a><\/strong>, voc\u00ea se prepara com quem \u00e9 especialista em exames discursivos. <strong><a target=\"_blank\" rel=\"noreferrer noopener\" href=\"https:\/\/discursivas.com\/\">Clique aqui e saiba mais<\/a><\/strong>.<\/p>\n\n\n\n<p><\/p>\n","protected":false},"excerpt":{"rendered":"<p>Vestibular Unicamp 2027: Inscri\u00e7\u00f5es Prorrogadas at\u00e9 8 de Setembro A Unicamp prorrogou as inscri\u00e7\u00f5es do Vestibular 2027 at\u00e9 8 de setembro. Confira o valor da taxa, novos cursos de IA e Rela\u00e7\u00f5es Internacionais e o calend\u00e1rio completo. A Comiss\u00e3o Permanente para os Vestibulares da Unicamp (Comvest) prorrogou at\u00e9 as 17h do dia 8 de setembro [&hellip;]<\/p>\n","protected":false},"author":7,"featured_media":3009,"comment_status":"closed","ping_status":"closed","sticky":false,"template":"","format":"standard","meta":{"footnotes":""},"categories":[30],"tags":[199,176,198,197,195,196,41,67,71,81,177],"class_list":["post-3002","post","type-post","status-publish","format-standard","has-post-thumbnail","hentry","category-unicamp","tag-calendario-unicamp-2027","tag-comvest","tag-cursos-unicamp","tag-cursos-unicamp-limeira","tag-inscricoes-unicamp-2027","tag-isencao-unicamp","tag-medicina","tag-unicamp","tag-vestibular","tag-vestibular-2027","tag-vestibular-unicamp-2027"],"_links":{"self":[{"href":"https:\/\/discursivas.com\/portal\/wp-json\/wp\/v2\/posts\/3002","targetHints":{"allow":["GET"]}}],"collection":[{"href":"https:\/\/discursivas.com\/portal\/wp-json\/wp\/v2\/posts"}],"about":[{"href":"https:\/\/discursivas.com\/portal\/wp-json\/wp\/v2\/types\/post"}],"author":[{"embeddable":true,"href":"https:\/\/discursivas.com\/portal\/wp-json\/wp\/v2\/users\/7"}],"replies":[{"embeddable":true,"href":"https:\/\/discursivas.com\/portal\/wp-json\/wp\/v2\/comments?post=3002"}],"version-history":[{"count":5,"href":"https:\/\/discursivas.com\/portal\/wp-json\/wp\/v2\/posts\/3002\/revisions"}],"predecessor-version":[{"id":3008,"href":"https:\/\/discursivas.com\/portal\/wp-json\/wp\/v2\/posts\/3002\/revisions\/3008"}],"wp:featuredmedia":[{"embeddable":true,"href":"https:\/\/discursivas.com\/portal\/wp-json\/wp\/v2\/media\/3009"}],"wp:attachment":[{"href":"https:\/\/discursivas.com\/portal\/wp-json\/wp\/v2\/media?parent=3002"}],"wp:term":[{"taxonomy":"category","embeddable":true,"href":"https:\/\/discursivas.com\/portal\/wp-json\/wp\/v2\/categories?post=3002"},{"taxonomy":"post_tag","embeddable":true,"href":"https:\/\/discursivas.com\/portal\/wp-json\/wp\/v2\/tags?post=3002"}],"curies":[{"name":"wp","href":"https:\/\/api.w.org\/{rel}","templated":true}]}}