{"id":2993,"date":"2026-08-30T11:26:10","date_gmt":"2026-08-30T14:26:10","guid":{"rendered":"https:\/\/discursivas.com\/portal\/?p=2993"},"modified":"2026-08-30T11:26:11","modified_gmt":"2026-08-30T14:26:11","slug":"famerp-2027-edital","status":"publish","type":"post","link":"https:\/\/discursivas.com\/portal\/vestibulares\/famerp\/famerp-2027-edital\/","title":{"rendered":"Vestibular Famerp 2027: edital \u00e9 publicado com 160 vagas; veja prazos e como se inscrever"},"content":{"rendered":"\n<h2 class=\"wp-block-heading\">Vestibular Famerp 2027: Edital Publicado, Vagas e Calend\u00e1rio<\/h2>\n\n\n\n<p>O edital do Vestibular Famerp 2027 foi divulgado pela Vunesp. Confira as 160 vagas para Medicina, Enfermagem e Psicologia, datas de inscri\u00e7\u00e3o e estrutura das provas.<\/p>\n\n\n\n<p>A Faculdade de Medicina de S\u00e3o Jos\u00e9 do Rio Preto (<a href=\"https:\/\/discursivas.com\/famerp10x\/\" data-type=\"link\" data-id=\"https:\/\/discursivas.com\/famerp10x\/\">Famerp<\/a>), uma das institui\u00e7\u00f5es p\u00fablicas de ensino superior mais prestigiadas do pa\u00eds na \u00e1rea da sa\u00fade, divulgou o edital do Vestibular 2027. O processo seletivo \u00e9 organizado pela Funda\u00e7\u00e3o Vunesp e oferta 160 vagas em cursos de gradua\u00e7\u00e3o de ampla concorr\u00eancia.<\/p>\n\n\n\n<h2 class=\"wp-block-heading\">Distribui\u00e7\u00e3o das Vagas<\/h2>\n\n\n\n<p>As oportunidades abertas no edital est\u00e3o divididas da seguinte forma entre os cursos de gradua\u00e7\u00e3o da institui\u00e7\u00e3o:<\/p>\n\n\n\n<ul class=\"wp-block-list\">\n<li><strong>Medicina:<\/strong> 80 vagas<\/li>\n\n\n\n<li><strong>Enfermagem:<\/strong> 60 vagas<\/li>\n\n\n\n<li><strong>Psicologia:<\/strong> 20 vagas<\/li>\n<\/ul>\n\n\n\n<h2 class=\"wp-block-heading\">Inscri\u00e7\u00f5es e Taxa de Inscri\u00e7\u00e3o<\/h2>\n\n\n\n<p>Os interessados em concorrer a uma das vagas devem realizar a inscri\u00e7\u00e3o exclusivamente pela internet, no site oficial da Funda\u00e7\u00e3o <a href=\"https:\/\/www.vunesp.com.br\/\" data-type=\"link\" data-id=\"https:\/\/www.vunesp.com.br\/\" target=\"_blank\" rel=\"noopener\">Vunesp<\/a>, entre os dias <strong>31 de agosto e 05 de novembro de 2026<\/strong>.<\/p>\n\n\n\n<p>A taxa de inscri\u00e7\u00e3o \u00e9 de <strong>R$ 194,00<\/strong>, e o pagamento do boleto banc\u00e1rio poder\u00e1 ser efetuado at\u00e9 o dia <strong>06 de novembro de 2026<\/strong>.<\/p>\n\n\n\n<h3 class=\"wp-block-heading\">Regras para Solicita\u00e7\u00e3o de Redu\u00e7\u00e3o da Taxa (50%)<\/h3>\n\n\n\n<p>A Famerp concede 50% de desconto no valor da taxa de inscri\u00e7\u00e3o para os candidatos que atenderem aos requisitos de renda e escolaridade estipulados no edital. As solicita\u00e7\u00f5es devem ser feitas entre os dias <strong>31 de agosto e 10 de setembro de 2026<\/strong>, na pr\u00f3pria p\u00e1gina da Vunesp.<\/p>\n\n\n\n<p>Para ter direito ao benef\u00edcio, \u00e9 necess\u00e1rio preencher os seguintes crit\u00e9rios cumulativos:<\/p>\n\n\n\n<ul class=\"wp-block-list\">\n<li>Estar regularmente matriculado no ensino p\u00fablico brasileiro (fundamental, m\u00e9dio ou equivalente) ou em curso pr\u00e9-vestibular;<\/li>\n\n\n\n<li>Receber remunera\u00e7\u00e3o mensal inferior a 2 (dois) sal\u00e1rios m\u00ednimos ou estar em situa\u00e7\u00e3o de desemprego.<\/li>\n<\/ul>\n\n\n\n<p><em>Nota sobre a comprova\u00e7\u00e3o de desemprego:<\/em> O edital especifica que ser\u00e1 considerado desempregado o candidato que estiver sem trabalho no momento da solicita\u00e7\u00e3o e tenha permanecido nessa condi\u00e7\u00e3o nos \u00faltimos 12 meses anteriores ao pedido. Ser\u00e3o avaliados estritamente os rendimentos pr\u00f3prios do candidato. O resultado das solicita\u00e7\u00f5es de desconto ser\u00e1 publicado no dia 13 de outubro de 2026.<\/p>\n\n\n\n<h2 class=\"wp-block-heading\">Exame e Locais de Aplica\u00e7\u00e3o<\/h2>\n\n\n\n<p>O Vestibular Famerp 2027 ser\u00e1 aplicado em dois dias consecutivos: <strong>10 e 11 de dezembro de 2026<\/strong>. Em ambos os dias, os port\u00f5es seguir\u00e3o o hor\u00e1rio oficial de Bras\u00edlia, com realiza\u00e7\u00e3o das provas das <strong>13h \u00e0s 17h<\/strong> (dura\u00e7\u00e3o total de 4 horas por dia).<\/p>\n\n\n\n<p>Os exames ser\u00e3o aplicados simultaneamente em seis cidades do estado de S\u00e3o Paulo:<\/p>\n\n\n\n<ul class=\"wp-block-list\">\n<li>Bauru<\/li>\n\n\n\n<li>Campinas<\/li>\n\n\n\n<li>Ribeir\u00e3o Preto<\/li>\n\n\n\n<li>S\u00e3o Jos\u00e9 do Rio Preto<\/li>\n\n\n\n<li>S\u00e3o Jos\u00e9 dos Campos<\/li>\n\n\n\n<li>S\u00e3o Paulo<\/li>\n<\/ul>\n\n\n\n<p>O formato das provas \u00e9 dividido por \u00e1rea de conhecimento em cada dia de aplica\u00e7\u00e3o:<\/p>\n\n\n\n<ul class=\"wp-block-list\">\n<li><strong>1\u00ba Dia (10\/12\/2026) \u2013 Prova de Conhecimentos Gerais:<\/strong> Composta por 80 quest\u00f5es objetivas de m\u00faltipla escolha (cinco alternativas cada). As quest\u00f5es s\u00e3o distribu\u00eddas igualmente entre as disciplinas de Matem\u00e1tica, Biologia, Geografia, F\u00edsica, Hist\u00f3ria, Qu\u00edmica, L\u00edngua Portuguesa e L\u00edngua Inglesa, podendo abranger conte\u00fado interdisciplinar.<\/li>\n\n\n\n<li><strong>2\u00ba Dia (11\/12\/2026) \u2013 Prova de Conhecimentos Espec\u00edficos e Reda\u00e7\u00e3o:<\/strong> Composta por 20 quest\u00f5es dissertativas, sendo 8 de Biologia, 6 de Qu\u00edmica e 6 de F\u00edsica, al\u00e9m de uma Reda\u00e7\u00e3o em L\u00edngua Portuguesa do g\u00eanero dissertativo-argumentativo.<\/li>\n<\/ul>\n\n\n\n<h2 class=\"wp-block-heading\">Calend\u00e1rio Oficial do Vestibular Famerp 2027<\/h2>\n\n\n\n<ul class=\"wp-block-list\">\n<li><strong>Publica\u00e7\u00e3o do edital:<\/strong> 28\/08\/2026<\/li>\n\n\n\n<li><strong>Per\u00edodo de inscri\u00e7\u00f5es:<\/strong> 31\/08 a 05\/11\/2026<\/li>\n\n\n\n<li><strong>Pedidos de redu\u00e7\u00e3o da taxa:<\/strong> 31\/08 a 10\/09\/2026<\/li>\n\n\n\n<li><strong>Resultado dos pedidos de redu\u00e7\u00e3o:<\/strong> 13\/10\/2026<\/li>\n\n\n\n<li><strong>Data limite para pagamento da taxa:<\/strong> 06\/11\/2026<\/li>\n\n\n\n<li><strong>Divulga\u00e7\u00e3o dos locais de prova:<\/strong> 01\/12\/2026<\/li>\n\n\n\n<li><strong>Aplica\u00e7\u00e3o da Prova de Conhecimentos Gerais:<\/strong> 10\/12\/2026<\/li>\n\n\n\n<li><strong>Aplica\u00e7\u00e3o da Prova de Conhecimentos Espec\u00edficos e Reda\u00e7\u00e3o:<\/strong> 11\/12\/2026<\/li>\n\n\n\n<li><strong>Divulga\u00e7\u00e3o do resultado e primeira chamada:<\/strong> 29\/01\/2027<\/li>\n\n\n\n<li><strong>Per\u00edodo de pr\u00e9-matr\u00edcula on-line:<\/strong> 01\/02\/2027<\/li>\n<\/ul>\n\n\n\n<h2 class=\"wp-block-heading\">Como estudar para a Famerp?<\/h2>\n\n\n\n<p>Ningu\u00e9m \u00e9 aprovado em Medicina sem antes resolver exaustivamente as provas antigas da institui\u00e7\u00e3o que escolheu enfrentar. Na Famerp, enquanto a etapa objetiva serve para selecionar os candidatos bem preparados, \u00e9 a prova de Conhecimentos Espec\u00edficos do segundo dia, composta por 20 quest\u00f5es dissertativas de Biologia, Qu\u00edmica e F\u00edsica, que determina quem conquista a vaga.<\/p>\n\n\n\n<h3 class=\"wp-block-heading\">A prepara\u00e7\u00e3o com o Famerp 10x<\/h3>\n\n\n\n<ul class=\"wp-block-list\">\n<li>Voc\u00ea enxerga como a banca cobra cada tema no formato discursivo, prova por prova;<\/li>\n\n\n\n<li>Acompanha a resolu\u00e7\u00e3o detalhada de cada item conduzida por professores especialistas em exames discursivos;<\/li>\n\n\n\n<li>Aprende a escrever respostas sint\u00e9ticas e precisas, garantindo cada fra\u00e7\u00e3o de ponto no espelho de corre\u00e7\u00e3o da Vunesp;<\/li>\n\n\n\n<li>Chega no dia da prova com a bagagem de dezenas de exames j\u00e1 treinados.<\/li>\n<\/ul>\n\n\n\n<figure class=\"wp-block-image aligncenter size-large\"><a href=\"https:\/\/discursivas.com\/famerp10x\/\"><img fetchpriority=\"high\" decoding=\"async\" width=\"1024\" height=\"571\" src=\"https:\/\/discursivas.com\/portal\/wp-content\/uploads\/2026\/08\/famerp_10x-1024x571.webp\" alt=\"Famerp 10x\" class=\"wp-image-2999\" srcset=\"https:\/\/discursivas.com\/portal\/wp-content\/uploads\/2026\/08\/famerp_10x-1024x571.webp 1024w, https:\/\/discursivas.com\/portal\/wp-content\/uploads\/2026\/08\/famerp_10x-300x167.webp 300w, https:\/\/discursivas.com\/portal\/wp-content\/uploads\/2026\/08\/famerp_10x-768x428.webp 768w, https:\/\/discursivas.com\/portal\/wp-content\/uploads\/2026\/08\/famerp_10x.webp 1280w\" sizes=\"(max-width: 1024px) 100vw, 1024px\" \/><\/a><\/figure>\n\n\n\n<h3 class=\"wp-block-heading\">O que \u00e9 o Famerp 10x?<\/h3>\n\n\n\n<p>O <a target=\"_blank\" rel=\"noreferrer noopener\" href=\"https:\/\/discursivas.com\/famerp10x\/\">Famerp 10x<\/a> \u00e9 um curso pr\u00e1tico e direcionado, focado na resolu\u00e7\u00e3o das quest\u00f5es discursivas da Famerp. O objetivo \u00e9 conduzir o candidato ao desempenho m\u00e1ximo nas provas cient\u00edficas do segundo dia, construindo a pontua\u00e7\u00e3o necess\u00e1ria para figurar na lista de aprovados de Medicina.<\/p>\n\n\n\n<p>Na plataforma, os professores Allan, Vini e Caf\u00e9 destrincham os <strong>10 \u00faltimos exames discursivos da Famerp<\/strong> \u2014 somando <strong>200 quest\u00f5es<\/strong> de Biologia, F\u00edsica e Qu\u00edmica completamente analisadas, comando por comando.<\/p>\n\n\n\n<p>Cada quest\u00e3o passa por um processo triplo de resolu\u00e7\u00e3o:<\/p>\n\n\n\n<ul class=\"wp-block-list\">\n<li><strong>A quest\u00e3o, item por item:<\/strong> Cada comando da quest\u00e3o discursiva \u00e9 tratado de forma individual, sem saltar etapas;<\/li>\n\n\n\n<li><strong>A teoria que importa:<\/strong> Um resumo direto da mat\u00e9ria necess\u00e1ria para responder \u00e0quele item espec\u00edfico;<\/li>\n\n\n\n<li><strong>A resposta que pontua:<\/strong> A t\u00e9cnica exata para redigir respostas claras, concisas e alinhadas ao crit\u00e9rio de pontua\u00e7\u00e3o da Vunesp, mostrando inclusive quantos d\u00e9cimos cada trecho da resposta garante.<\/li>\n<\/ul>\n\n\n\n<h3 class=\"wp-block-heading\">Sua Jornada de Estudo em 4 Etapas na Plataforma<\/h3>\n\n\n\n<p>Para transformar a teoria em resolu\u00e7\u00e3o cir\u00fargica, a estrutura do treinamento permite navega\u00e7\u00e3o flex\u00edvel do conte\u00fado:<\/p>\n\n\n\n<ol start=\"1\" class=\"wp-block-list\">\n<li><strong>Visualiza\u00e7\u00e3o por Ano:<\/strong> Permite simular a experi\u00eancia real do exame. As quest\u00f5es s\u00e3o apresentadas em ordem cronol\u00f3gica para que voc\u00ea compreenda a evolu\u00e7\u00e3o do estilo da banca ao longo dos \u00faltimos dez anos.<\/li>\n\n\n\n<li><strong>Galeria de Temas:<\/strong> Mapeia a distribui\u00e7\u00e3o das quest\u00f5es dentro dos macrotemas. \u00c9 ideal para maratonar t\u00f3picos espec\u00edficos \u2014 como rea\u00e7\u00f5es org\u00e2nicas ou ecologia \u2014 ap\u00f3s terminar o estudo te\u00f3rico daquela mat\u00e9ria.<\/li>\n\n\n\n<li><strong>Vis\u00e3o por Aulas:<\/strong> Detalha a frequ\u00eancia exata dos conte\u00fados. Voc\u00ea identifica, por exemplo, qual t\u00f3pico de fisiologia animal a Famerp cobra com maior recorr\u00eancia (como sistema respirat\u00f3rio ou circulat\u00f3rio) para priorizar na revis\u00e3o.<\/li>\n\n\n\n<li><strong>Resolu\u00e7\u00e3o Comentada e Pr\u00e1tica:<\/strong> A aplica\u00e7\u00e3o final do m\u00e9todo em cada item, conectando enunciado, teoria aplic\u00e1vel, gabarito oficial e an\u00e1lise da pontua\u00e7\u00e3o.<\/li>\n<\/ol>\n\n\n\n<p>Para sair da teoria gen\u00e9rica e dominar o modelo exato de escrita exigido pela Vunesp, acesse o <a target=\"_blank\" rel=\"noreferrer noopener\" href=\"https:\/\/discursivas.com\/famerp10x\/\">Famerp 10x<\/a> e garanta a prepara\u00e7\u00e3o ideal para buscar a sua vaga em Medicina.<\/p>\n\n\n\n<p><\/p>\n","protected":false},"excerpt":{"rendered":"<p>Vestibular Famerp 2027: Edital Publicado, Vagas e Calend\u00e1rio O edital do Vestibular Famerp 2027 foi divulgado pela Vunesp. Confira as 160 vagas para Medicina, Enfermagem e Psicologia, datas de inscri\u00e7\u00e3o e estrutura das provas. A Faculdade de Medicina de S\u00e3o Jos\u00e9 do Rio Preto (Famerp), uma das institui\u00e7\u00f5es p\u00fablicas de ensino superior mais prestigiadas do [&hellip;]<\/p>\n","protected":false},"author":7,"featured_media":3001,"comment_status":"closed","ping_status":"closed","sticky":false,"template":"","format":"standard","meta":{"footnotes":""},"categories":[35],"tags":[190,106,193,191,194,71,81,189,69,192],"class_list":["post-2993","post","type-post","status-publish","format-standard","has-post-thumbnail","hentry","category-famerp","tag-edital-famerp-2027","tag-famerp","tag-isencao-famerp","tag-medicina-famerp","tag-prova-discursiva-famerp","tag-vestibular","tag-vestibular-2027","tag-vestibular-famerp-2027","tag-vunesp","tag-vunesp-famerp"],"_links":{"self":[{"href":"https:\/\/discursivas.com\/portal\/wp-json\/wp\/v2\/posts\/2993","targetHints":{"allow":["GET"]}}],"collection":[{"href":"https:\/\/discursivas.com\/portal\/wp-json\/wp\/v2\/posts"}],"about":[{"href":"https:\/\/discursivas.com\/portal\/wp-json\/wp\/v2\/types\/post"}],"author":[{"embeddable":true,"href":"https:\/\/discursivas.com\/portal\/wp-json\/wp\/v2\/users\/7"}],"replies":[{"embeddable":true,"href":"https:\/\/discursivas.com\/portal\/wp-json\/wp\/v2\/comments?post=2993"}],"version-history":[{"count":6,"href":"https:\/\/discursivas.com\/portal\/wp-json\/wp\/v2\/posts\/2993\/revisions"}],"predecessor-version":[{"id":3000,"href":"https:\/\/discursivas.com\/portal\/wp-json\/wp\/v2\/posts\/2993\/revisions\/3000"}],"wp:featuredmedia":[{"embeddable":true,"href":"https:\/\/discursivas.com\/portal\/wp-json\/wp\/v2\/media\/3001"}],"wp:attachment":[{"href":"https:\/\/discursivas.com\/portal\/wp-json\/wp\/v2\/media?parent=2993"}],"wp:term":[{"taxonomy":"category","embeddable":true,"href":"https:\/\/discursivas.com\/portal\/wp-json\/wp\/v2\/categories?post=2993"},{"taxonomy":"post_tag","embeddable":true,"href":"https:\/\/discursivas.com\/portal\/wp-json\/wp\/v2\/tags?post=2993"}],"curies":[{"name":"wp","href":"https:\/\/api.w.org\/{rel}","templated":true}]}}