{"id":2961,"date":"2026-08-24T17:14:17","date_gmt":"2026-08-24T20:14:17","guid":{"rendered":"https:\/\/discursivas.com\/portal\/?p=2961"},"modified":"2026-08-24T17:14:18","modified_gmt":"2026-08-24T20:14:18","slug":"uerjlab-inscreva-se","status":"publish","type":"post","link":"https:\/\/discursivas.com\/portal\/vestibulares\/uerj\/uerjlab-inscreva-se\/","title":{"rendered":"UERJLab: Inscreva-se no Evento Gratuito de Revis\u00e3o para o 2\u00ba EQ da UERJ"},"content":{"rendered":"\n<h2 class=\"wp-block-heading\">Discursivas.com Inicia Projeto de Revis\u00e3o Gratuita para o 2\u00ba EQ da UERJ: Veja Como Participar<\/h2>\n\n\n\n<p>Aulas Gratuitas para a UERJ: Inscreva-se no UERJLab e Baixe o Simulado In\u00e9dito. 13 dias de aulas gratuitas, simulado in\u00e9dito de 60 quest\u00f5es e professores especialistas para o 2\u00ba EQ da UERJ. Saiba mais como se inscrever e assistir as aulas.<\/p>\n\n\n\n<p>Come\u00e7a <strong>nesta segunda-feira<\/strong> (24) a segunda edi\u00e7\u00e3o do <strong><a href=\"https:\/\/discursivas.com\/ss_i\" data-type=\"link\" data-id=\"https:\/\/discursivas.com\/ss_i\">UERJLab<\/a><\/strong>, a maratona 100% gratuita de prepara\u00e7\u00e3o promovida pelo <strong><a href=\"https:\/\/discursivas.com\/\" data-type=\"link\" data-id=\"https:\/\/discursivas.com\/\">Discursivas.com<\/a><\/strong> para o 2\u00ba Exame de Qualifica\u00e7\u00e3o da <a href=\"https:\/\/www.vestibular.uerj.br\/\" data-type=\"link\" data-id=\"https:\/\/www.vestibular.uerj.br\/\" target=\"_blank\" rel=\"noopener\">UERJ<\/a>.<\/p>\n\n\n\n<p>No 1\u00ba Exame de Qualifica\u00e7\u00e3o, a f\u00f3rmula de ensino provou sua efici\u00eancia: <strong>853 alunos cadastrados conquistaram o Conceito A<\/strong>, o que significa que <strong>7 a cada 10 estudantes da Discursivas<\/strong> alcan\u00e7aram a pontua\u00e7\u00e3o m\u00e1xima de bonifica\u00e7\u00e3o.<\/p>\n\n\n\n<h2 class=\"wp-block-heading\">O Que \u00c9 o UERJLab?<\/h2>\n\n\n\n<p>Ser\u00e3o <strong>13 dias de aulas totalmente onlines e gratuitas<\/strong>, reunindo um time de <strong>10 professores especialistas<\/strong> com anos de experi\u00eancia na banca da UERJ.<\/p>\n\n\n\n<ul class=\"wp-block-list\">\n<li><strong>Aulas ao vivo de revis\u00e3o:<\/strong> Duas semanas intensivas cobrindo os temas de maior recorr\u00eancia na prova.<\/li>\n\n\n\n<li><strong>Simulado autoral in\u00e9dito:<\/strong> 60 quest\u00f5es elaboradas no padr\u00e3o exato do exame, com aplica\u00e7\u00e3o e corre\u00e7\u00e3o ao vivo.<\/li>\n\n\n\n<li><strong>Materiais exclusivos:<\/strong> Ao se cadastrar, voc\u00ea recebe os links das transmiss\u00f5es, listas de exerc\u00edcios e o PDF do simulado em primeira m\u00e3o.<\/li>\n<\/ul>\n\n\n\n<figure class=\"wp-block-embed aligncenter is-type-video is-provider-youtube wp-block-embed-youtube wp-embed-aspect-16-9 wp-has-aspect-ratio\"><div class=\"wp-block-embed__wrapper\">\n<iframe title=\"UERJ LAb: o evento que garantiu centenas de conceitos A no 1\u00ba EQ est\u00e1 de volta para o 2\u00ba EQ da UERJ\" width=\"800\" height=\"450\" src=\"https:\/\/www.youtube.com\/embed\/pizWWwUkjaA?feature=oembed\" frameborder=\"0\" allow=\"accelerometer; autoplay; clipboard-write; encrypted-media; gyroscope; picture-in-picture; web-share\" referrerpolicy=\"strict-origin-when-cross-origin\" allowfullscreen><\/iframe>\n<\/div><\/figure>\n\n\n\n<h2 class=\"wp-block-heading\">Cronograma Completo do UERJLab<\/h2>\n\n\n\n<h3 class=\"wp-block-heading\">Semana 1: Revis\u00e3o de temas que podem cair na prova<\/h3>\n\n\n\n<ul class=\"wp-block-list\">\n<li><strong>24\/08 (Hoje) \u2013 18h:<\/strong> Sociologia e Hist\u00f3ria <em>(Leandro Vieira e Leandro Torres)<\/em><\/li>\n\n\n\n<li><strong>25\/08 (Ter) \u2013 18h:<\/strong> Matem\u00e1tica <em>(Roberta Teixeira)<\/em><\/li>\n\n\n\n<li><strong>26\/08 (Qua) \u2013 18h:<\/strong> Geografia <em>(Leandro Almeida)<\/em> | <strong>20h:<\/strong> F\u00edsica <em>(Vin\u00edcius Silveira)<\/em><\/li>\n\n\n\n<li><strong>27\/08 (Qui) \u2013 18h:<\/strong> L\u00edngua Portuguesa <em>(Milla Borges)<\/em> | <strong>20h:<\/strong> Biologia <em>(Rafael Cafezeiro)<\/em><\/li>\n\n\n\n<li><strong>28\/08 (Sex) \u2013 18h:<\/strong> Qu\u00edmica <em>(Allan Rodrigues)<\/em><\/li>\n\n\n\n<li><strong>29\/08 (S\u00e1b) \u2013 08h:<\/strong> Libera\u00e7\u00e3o do Simulado In\u00e9dito<\/li>\n\n\n\n<li><strong>30\/08 (Dom) \u2013 09h:<\/strong> Aplica\u00e7\u00e3o do Simulado (60 quest\u00f5es autorais)<\/li>\n<\/ul>\n\n\n\n<h3 class=\"wp-block-heading\">Semana 2: Corre\u00e7\u00e3o do Simulado e Reta Final<\/h3>\n\n\n\n<ul class=\"wp-block-list\">\n<li><strong>31\/08 (Seg) \u2013 18h:<\/strong> Corre\u00e7\u00e3o de Sociologia e Hist\u00f3ria<\/li>\n\n\n\n<li><strong>01\/09 (Ter) \u2013 18h:<\/strong> Corre\u00e7\u00e3o de Matem\u00e1tica<\/li>\n\n\n\n<li><strong>02\/09 (Qua) \u2013 18h:<\/strong> Corre\u00e7\u00e3o de Geografia | <strong>20h:<\/strong> Corre\u00e7\u00e3o de F\u00edsica<\/li>\n\n\n\n<li><strong>03\/09 (Qui) \u2013 18h:<\/strong> Corre\u00e7\u00e3o de L\u00edngua Portuguesa | <strong>20h:<\/strong> Corre\u00e7\u00e3o de Biologia<\/li>\n\n\n\n<li><strong>04\/09 (Sex) \u2013 18h:<\/strong> Corre\u00e7\u00e3o de Qu\u00edmica<\/li>\n\n\n\n<li><strong>06\/09 (Dom):<\/strong>\n<ul class=\"wp-block-list\">\n<li><strong>09h:<\/strong> Aplica\u00e7\u00e3o do 2\u00ba Exame de Qualifica\u00e7\u00e3o da UERJ<\/li>\n\n\n\n<li><strong>18h:<\/strong> Live Especial: <em>&#8220;Tirei A, e agora?&#8221;<\/em><\/li>\n<\/ul>\n<\/li>\n<\/ul>\n\n\n\n<h2 class=\"wp-block-heading\">Conhe\u00e7a o Time de Professores Especialistas<\/h2>\n\n\n\n<p>A equipe do Discursivas \u00e9 composta por refer\u00eancias em cada \u00e1rea do conhecimento cobrada no vestibular da UERJ:<\/p>\n\n\n\n<ul class=\"wp-block-list\">\n<li><strong>Hist\u00f3ria:<\/strong> Leandro Torres<\/li>\n\n\n\n<li><strong>Geografia:<\/strong> Leandro Almeida<\/li>\n\n\n\n<li><strong>Qu\u00edmica:<\/strong> Allan Rodrigues<\/li>\n\n\n\n<li><strong>Biologia:<\/strong> Rafael Cafezeiro<\/li>\n\n\n\n<li><strong>F\u00edsica:<\/strong> Vin\u00edcius Silveira<\/li>\n\n\n\n<li><strong>Matem\u00e1tica:<\/strong> Roberta Teixeira<\/li>\n\n\n\n<li><strong>Sociologia:<\/strong> Leandro Vieira<\/li>\n\n\n\n<li><strong>L\u00edngua Portuguesa:<\/strong> Milla Borges<\/li>\n\n\n\n<li><strong>Espanhol:<\/strong> Olivia Trindade<\/li>\n\n\n\n<li><strong>Ingl\u00eas:<\/strong> Marcela Pieroni<\/li>\n<\/ul>\n\n\n\n<figure class=\"wp-block-image aligncenter size-large\"><a href=\"https:\/\/discursivas.com\/ss_i\"><img fetchpriority=\"high\" decoding=\"async\" width=\"1024\" height=\"359\" src=\"https:\/\/discursivas.com\/portal\/wp-content\/uploads\/2026\/08\/professores_uerjlab-1024x359.webp\" alt=\"UERJlab - Professores\" class=\"wp-image-2976\" srcset=\"https:\/\/discursivas.com\/portal\/wp-content\/uploads\/2026\/08\/professores_uerjlab-1024x359.webp 1024w, https:\/\/discursivas.com\/portal\/wp-content\/uploads\/2026\/08\/professores_uerjlab-300x105.webp 300w, https:\/\/discursivas.com\/portal\/wp-content\/uploads\/2026\/08\/professores_uerjlab-768x269.webp 768w, https:\/\/discursivas.com\/portal\/wp-content\/uploads\/2026\/08\/professores_uerjlab.webp 1101w\" sizes=\"(max-width: 1024px) 100vw, 1024px\" \/><\/a><\/figure>\n\n\n\n<h2 class=\"wp-block-heading\">Inscreva-se e Garanta o Seu Conceito A no 2\u00ba EQ<\/h2>\n\n\n\n<p>A quest\u00e3o que separa o Conceito B do Conceito A pode estar justamente nos detalhes abordados durante esta semana de aulas. Garanta seu acesso aos links de transmiss\u00e3o e cadastre-se para receber os materiais em primeira m\u00e3o.<\/p>\n\n\n\n<p><strong><a href=\"https:\/\/discursivas.com\/ss_i\" target=\"_blank\" rel=\"noreferrer noopener\">Fa\u00e7a sua inscri\u00e7\u00e3o gratuita no UERJLab e receba os materiais exclusivos!<\/a><\/strong><\/p>\n\n\n\n<h2 class=\"wp-block-heading\">Por que o Conceito A \u00e9 T\u00e3o Decisivo para a Segunda Fase?<\/h2>\n\n\n\n<p>Alcan\u00e7ar o Conceito A no Exame de Qualifica\u00e7\u00e3o garante 20 pontos de bonifica\u00e7\u00e3o para o Exame Discursivo, a etapa final do Vestibular UERJ. Essa vantagem \u00e9 determinante para a classifica\u00e7\u00e3o final, especialmente em carreiras altamente concorridas como Medicina e Direito. Participar ativamente do UERJLab, treinando com o simulado sob condi\u00e7\u00f5es reais de prova e tirando d\u00favidas ao vivo com nossos professores, \u00e9 o caminho mais eficiente para ajustar os \u00faltimos detalhes da sua prepara\u00e7\u00e3o e garantir esse resultado.<\/p>\n\n\n\n<h2 class=\"wp-block-heading\">Quem \u00e9 a Discursivas.com?<\/h2>\n\n\n\n<p>A Discursivas \u00e9 a \u00fanica plataforma pr\u00e9-vestibular digital do Brasil a preparar seus alunos especificamente para os exames discursivos de Medicina. Somente em 2026, aprovamos 41 alunos na MED\/UERJ, e criamos o UERJLab por entendermos que garantir o A \u00e9 um passo crucial para que se possa enfim jogar o verdadeiro jogo, que se encontra na prova de 2\u00aa fase.<\/p>\n\n\n\n<p><\/p>\n","protected":false},"excerpt":{"rendered":"<p>Discursivas.com Inicia Projeto de Revis\u00e3o Gratuita para o 2\u00ba EQ da UERJ: Veja Como Participar Aulas Gratuitas para a UERJ: Inscreva-se no UERJLab e Baixe o Simulado In\u00e9dito. 13 dias de aulas gratuitas, simulado in\u00e9dito de 60 quest\u00f5es e professores especialistas para o 2\u00ba EQ da UERJ. Saiba mais como se inscrever e assistir as [&hellip;]<\/p>\n","protected":false},"author":7,"featured_media":2977,"comment_status":"closed","ping_status":"closed","sticky":false,"template":"","format":"standard","meta":{"footnotes":""},"categories":[33],"tags":[186,150,158,185,58,41,188,61,63,184,71,81,187],"class_list":["post-2961","post","type-post","status-publish","format-standard","has-post-thumbnail","hentry","category-uerj","tag-2o-eq","tag-discursivas","tag-eq","tag-eq-da-uerj","tag-exame-de-qualificacao","tag-medicina","tag-revisao","tag-simulado","tag-uerj","tag-uerjlab","tag-vestibular","tag-vestibular-2027","tag-vestibular-da-uerj"],"_links":{"self":[{"href":"https:\/\/discursivas.com\/portal\/wp-json\/wp\/v2\/posts\/2961","targetHints":{"allow":["GET"]}}],"collection":[{"href":"https:\/\/discursivas.com\/portal\/wp-json\/wp\/v2\/posts"}],"about":[{"href":"https:\/\/discursivas.com\/portal\/wp-json\/wp\/v2\/types\/post"}],"author":[{"embeddable":true,"href":"https:\/\/discursivas.com\/portal\/wp-json\/wp\/v2\/users\/7"}],"replies":[{"embeddable":true,"href":"https:\/\/discursivas.com\/portal\/wp-json\/wp\/v2\/comments?post=2961"}],"version-history":[{"count":22,"href":"https:\/\/discursivas.com\/portal\/wp-json\/wp\/v2\/posts\/2961\/revisions"}],"predecessor-version":[{"id":2985,"href":"https:\/\/discursivas.com\/portal\/wp-json\/wp\/v2\/posts\/2961\/revisions\/2985"}],"wp:featuredmedia":[{"embeddable":true,"href":"https:\/\/discursivas.com\/portal\/wp-json\/wp\/v2\/media\/2977"}],"wp:attachment":[{"href":"https:\/\/discursivas.com\/portal\/wp-json\/wp\/v2\/media?parent=2961"}],"wp:term":[{"taxonomy":"category","embeddable":true,"href":"https:\/\/discursivas.com\/portal\/wp-json\/wp\/v2\/categories?post=2961"},{"taxonomy":"post_tag","embeddable":true,"href":"https:\/\/discursivas.com\/portal\/wp-json\/wp\/v2\/tags?post=2961"}],"curies":[{"name":"wp","href":"https:\/\/api.w.org\/{rel}","templated":true}]}}